{"id":923,"date":"2019-07-21T21:42:47","date_gmt":"2019-07-21T19:42:47","guid":{"rendered":"https:\/\/www.leben-atmen.com\/deutschlandtour\/?p=923"},"modified":"2019-07-21T21:42:47","modified_gmt":"2019-07-21T19:42:47","slug":"melsungen-teil-2","status":"publish","type":"post","link":"https:\/\/www.leben-atmen.com\/deutschlandtour\/2019\/07\/21\/melsungen-teil-2\/","title":{"rendered":"Melsungen &#8211; Teil 2"},"content":{"rendered":"\n<p>Melsungen m\u00fcssen man in der Tat gesehen haben. Wundersch\u00f6ne Fachwerkh\u00e4user sind in der ganzen Altstadt zu bestaunen. Und dann gibt es noch die herrliche alte Weserbr\u00fccke.<\/p>\n\n\n\n<p>Wir kommen aus dem Staunen kaum heraus und ein schiessen ein Foto nach dem anderen. Hier auch nochmals unser <a rel=\"noreferrer noopener\" aria-label=\"Video (\u00f6ffnet in neuem Tab)\" href=\"https:\/\/youtu.be\/Nax8RLMC3oY\" target=\"_blank\">Video<\/a> von der Ankunft.<\/p>\n\n\n\n<p>Anbei einige Bilder zum Mitstaunen.<\/p>\n\n\n\n<figure class=\"wp-block-image\"><img loading=\"lazy\" decoding=\"async\" width=\"3024\" height=\"4032\" src=\"https:\/\/i1.wp.com\/www.leben-atmen.com\/wp-content\/blogs.dir\/12\/files\/2019\/07\/e25a6680059b38d030a8775cb18eb388.jpeg?fit=584%2C779&amp;ssl=1\" alt=\"\" class=\"wp-image-924\" srcset=\"https:\/\/www.leben-atmen.com\/wp-content\/blogs.dir\/12\/files\/2019\/07\/e25a6680059b38d030a8775cb18eb388.jpeg 3024w, https:\/\/www.leben-atmen.com\/wp-content\/blogs.dir\/12\/files\/2019\/07\/e25a6680059b38d030a8775cb18eb388-225x300.jpeg 225w, https:\/\/www.leben-atmen.com\/wp-content\/blogs.dir\/12\/files\/2019\/07\/e25a6680059b38d030a8775cb18eb388-768x1024.jpeg 768w\" sizes=\"auto, (max-width: 3024px) 100vw, 3024px\" \/><\/figure>\n\n\n\n<figure class=\"wp-block-image\"><img loading=\"lazy\" decoding=\"async\" width=\"3024\" height=\"4032\" src=\"https:\/\/www.leben-atmen.com\/wp-content\/blogs.dir\/12\/files\/2019\/07\/59e3d2b14a7028c0e9002976b0448f27.jpeg?fit=584%2C779&amp;ssl=1\" alt=\"\" class=\"wp-image-925\" srcset=\"https:\/\/www.leben-atmen.com\/wp-content\/blogs.dir\/12\/files\/2019\/07\/59e3d2b14a7028c0e9002976b0448f27.jpeg 3024w, https:\/\/www.leben-atmen.com\/wp-content\/blogs.dir\/12\/files\/2019\/07\/59e3d2b14a7028c0e9002976b0448f27-225x300.jpeg 225w, https:\/\/www.leben-atmen.com\/wp-content\/blogs.dir\/12\/files\/2019\/07\/59e3d2b14a7028c0e9002976b0448f27-768x1024.jpeg 768w\" sizes=\"auto, (max-width: 3024px) 100vw, 3024px\" \/><\/figure>\n\n\n\n<figure class=\"wp-block-image\"><img loading=\"lazy\" decoding=\"async\" width=\"4032\" height=\"3024\" src=\"https:\/\/www.leben-atmen.com\/wp-content\/blogs.dir\/12\/files\/2019\/07\/21a1f07228f600b7c9a1b3f6ae5e3883.jpeg?fit=584%2C438&amp;ssl=1\" alt=\"\" class=\"wp-image-926\" srcset=\"https:\/\/www.leben-atmen.com\/wp-content\/blogs.dir\/12\/files\/2019\/07\/21a1f07228f600b7c9a1b3f6ae5e3883.jpeg 4032w, https:\/\/www.leben-atmen.com\/wp-content\/blogs.dir\/12\/files\/2019\/07\/21a1f07228f600b7c9a1b3f6ae5e3883-300x225.jpeg 300w, https:\/\/www.leben-atmen.com\/wp-content\/blogs.dir\/12\/files\/2019\/07\/21a1f07228f600b7c9a1b3f6ae5e3883-768x576.jpeg 768w, https:\/\/www.leben-atmen.com\/wp-content\/blogs.dir\/12\/files\/2019\/07\/21a1f07228f600b7c9a1b3f6ae5e3883-1024x768.jpeg 1024w, https:\/\/www.leben-atmen.com\/wp-content\/blogs.dir\/12\/files\/2019\/07\/21a1f07228f600b7c9a1b3f6ae5e3883-400x300.jpeg 400w\" sizes=\"auto, (max-width: 4032px) 100vw, 4032px\" \/><\/figure>\n\n\n\n<figure class=\"wp-block-image\"><img loading=\"lazy\" decoding=\"async\" width=\"3024\" height=\"4032\" src=\"https:\/\/www.leben-atmen.com\/wp-content\/blogs.dir\/12\/files\/2019\/07\/d50a03bf54ed174c8bdb6472f1e6714f.jpeg?fit=584%2C779&amp;ssl=1\" alt=\"\" class=\"wp-image-927\" srcset=\"https:\/\/www.leben-atmen.com\/wp-content\/blogs.dir\/12\/files\/2019\/07\/d50a03bf54ed174c8bdb6472f1e6714f.jpeg 3024w, https:\/\/www.leben-atmen.com\/wp-content\/blogs.dir\/12\/files\/2019\/07\/d50a03bf54ed174c8bdb6472f1e6714f-225x300.jpeg 225w, https:\/\/www.leben-atmen.com\/wp-content\/blogs.dir\/12\/files\/2019\/07\/d50a03bf54ed174c8bdb6472f1e6714f-768x1024.jpeg 768w\" sizes=\"auto, (max-width: 3024px) 100vw, 3024px\" \/><\/figure>\n\n\n\n<figure class=\"wp-block-image\"><img loading=\"lazy\" decoding=\"async\" width=\"4032\" height=\"3024\" src=\"https:\/\/i0.wp.com\/www.leben-atmen.com\/wp-content\/blogs.dir\/12\/files\/2019\/07\/1c5904f4b218191792e42683c84e0f4e.jpeg?fit=584%2C438&amp;ssl=1\" alt=\"\" class=\"wp-image-928\" srcset=\"https:\/\/www.leben-atmen.com\/wp-content\/blogs.dir\/12\/files\/2019\/07\/1c5904f4b218191792e42683c84e0f4e.jpeg 4032w, https:\/\/www.leben-atmen.com\/wp-content\/blogs.dir\/12\/files\/2019\/07\/1c5904f4b218191792e42683c84e0f4e-300x225.jpeg 300w, https:\/\/www.leben-atmen.com\/wp-content\/blogs.dir\/12\/files\/2019\/07\/1c5904f4b218191792e42683c84e0f4e-768x576.jpeg 768w, https:\/\/www.leben-atmen.com\/wp-content\/blogs.dir\/12\/files\/2019\/07\/1c5904f4b218191792e42683c84e0f4e-1024x768.jpeg 1024w, https:\/\/www.leben-atmen.com\/wp-content\/blogs.dir\/12\/files\/2019\/07\/1c5904f4b218191792e42683c84e0f4e-400x300.jpeg 400w\" sizes=\"auto, (max-width: 4032px) 100vw, 4032px\" \/><\/figure>\n","protected":false},"excerpt":{"rendered":"<p>Melsungen m\u00fcssen man in der Tat gesehen haben. Wundersch\u00f6ne Fachwerkh\u00e4user sind in der ganzen Altstadt zu bestaunen. Und dann gibt es noch die herrliche alte Weserbr\u00fccke. Wir kommen aus dem Staunen kaum heraus und ein schiessen ein Foto nach dem anderen. Hier auch nochmals unser Video von der Ankunft. Anbei einige Bilder zum Mitstaunen.<\/p>\n","protected":false},"author":3,"featured_media":0,"comment_status":"open","ping_status":"open","sticky":false,"template":"","format":"standard","meta":{"_jetpack_memberships_contains_paid_content":false,"footnotes":""},"categories":[1],"tags":[],"class_list":["post-923","post","type-post","status-publish","format-standard","hentry","category-allgemein"],"jetpack_featured_media_url":"","jetpack_sharing_enabled":true,"_links":{"self":[{"href":"https:\/\/www.leben-atmen.com\/deutschlandtour\/wp-json\/wp\/v2\/posts\/923","targetHints":{"allow":["GET"]}}],"collection":[{"href":"https:\/\/www.leben-atmen.com\/deutschlandtour\/wp-json\/wp\/v2\/posts"}],"about":[{"href":"https:\/\/www.leben-atmen.com\/deutschlandtour\/wp-json\/wp\/v2\/types\/post"}],"author":[{"embeddable":true,"href":"https:\/\/www.leben-atmen.com\/deutschlandtour\/wp-json\/wp\/v2\/users\/3"}],"replies":[{"embeddable":true,"href":"https:\/\/www.leben-atmen.com\/deutschlandtour\/wp-json\/wp\/v2\/comments?post=923"}],"version-history":[{"count":2,"href":"https:\/\/www.leben-atmen.com\/deutschlandtour\/wp-json\/wp\/v2\/posts\/923\/revisions"}],"predecessor-version":[{"id":929,"href":"https:\/\/www.leben-atmen.com\/deutschlandtour\/wp-json\/wp\/v2\/posts\/923\/revisions\/929"}],"wp:attachment":[{"href":"https:\/\/www.leben-atmen.com\/deutschlandtour\/wp-json\/wp\/v2\/media?parent=923"}],"wp:term":[{"taxonomy":"category","embeddable":true,"href":"https:\/\/www.leben-atmen.com\/deutschlandtour\/wp-json\/wp\/v2\/categories?post=923"},{"taxonomy":"post_tag","embeddable":true,"href":"https:\/\/www.leben-atmen.com\/deutschlandtour\/wp-json\/wp\/v2\/tags?post=923"}],"curies":[{"name":"wp","href":"https:\/\/api.w.org\/{rel}","templated":true}]}}