{"id":828,"date":"2019-07-21T10:44:46","date_gmt":"2019-07-21T08:44:46","guid":{"rendered":"https:\/\/www.leben-atmen.com\/deutschlandtour\/2019\/07\/21\/tschuess-weserradweg\/"},"modified":"2019-07-21T10:44:46","modified_gmt":"2019-07-21T08:44:46","slug":"tschuess-weserradweg","status":"publish","type":"post","link":"https:\/\/www.leben-atmen.com\/deutschlandtour\/2019\/07\/21\/tschuess-weserradweg\/","title":{"rendered":"Tsch\u00fcss Weserradweg"},"content":{"rendered":"<p>Wir hatten viel Spa\u00df mit dir. Aber auch viel Arbeit, wegen dem Gegenwind. Du hast uns gut gefallen von Minden ab warst so wundersch\u00f6n.<\/p>\n<p>Wir m\u00fcssen dich nun verlassen, aber der Verlust wird nicht so gro\u00df sein, denn wir fahren jetzt auf den Fuldaradweg.<\/p>\n<p><img loading=\"lazy\" decoding=\"async\" src=\"https:\/\/www.leben-atmen.com\/wp-content\/blogs.dir\/12\/files\/2019\/07\/d2b3cae3a65ccb65d4689bc3cddc5304.jpg\" class=\"size-full wp-image-825\" width=\"1800\" height=\"1350\" srcset=\"https:\/\/www.leben-atmen.com\/wp-content\/blogs.dir\/12\/files\/2019\/07\/d2b3cae3a65ccb65d4689bc3cddc5304.jpg 1800w, https:\/\/www.leben-atmen.com\/wp-content\/blogs.dir\/12\/files\/2019\/07\/d2b3cae3a65ccb65d4689bc3cddc5304-300x225.jpg 300w, https:\/\/www.leben-atmen.com\/wp-content\/blogs.dir\/12\/files\/2019\/07\/d2b3cae3a65ccb65d4689bc3cddc5304-768x576.jpg 768w, https:\/\/www.leben-atmen.com\/wp-content\/blogs.dir\/12\/files\/2019\/07\/d2b3cae3a65ccb65d4689bc3cddc5304-1024x768.jpg 1024w, https:\/\/www.leben-atmen.com\/wp-content\/blogs.dir\/12\/files\/2019\/07\/d2b3cae3a65ccb65d4689bc3cddc5304-400x300.jpg 400w\" sizes=\"auto, (max-width: 1800px) 100vw, 1800px\" \/><img loading=\"lazy\" decoding=\"async\" src=\"https:\/\/www.leben-atmen.com\/wp-content\/blogs.dir\/12\/files\/2019\/07\/35a1b3cab34b266c4132c415ed8b6c43.jpg\" class=\"size-full wp-image-826\" width=\"1800\" height=\"1350\" srcset=\"https:\/\/www.leben-atmen.com\/wp-content\/blogs.dir\/12\/files\/2019\/07\/35a1b3cab34b266c4132c415ed8b6c43.jpg 1800w, https:\/\/www.leben-atmen.com\/wp-content\/blogs.dir\/12\/files\/2019\/07\/35a1b3cab34b266c4132c415ed8b6c43-300x225.jpg 300w, https:\/\/www.leben-atmen.com\/wp-content\/blogs.dir\/12\/files\/2019\/07\/35a1b3cab34b266c4132c415ed8b6c43-768x576.jpg 768w, https:\/\/www.leben-atmen.com\/wp-content\/blogs.dir\/12\/files\/2019\/07\/35a1b3cab34b266c4132c415ed8b6c43-1024x768.jpg 1024w, https:\/\/www.leben-atmen.com\/wp-content\/blogs.dir\/12\/files\/2019\/07\/35a1b3cab34b266c4132c415ed8b6c43-400x300.jpg 400w\" sizes=\"auto, (max-width: 1800px) 100vw, 1800px\" \/><img loading=\"lazy\" decoding=\"async\" src=\"https:\/\/www.leben-atmen.com\/wp-content\/blogs.dir\/12\/files\/2019\/07\/66f932125bd4ac84499546f249739e9c.jpg\" class=\"size-full wp-image-827\" width=\"1800\" height=\"1350\" srcset=\"https:\/\/www.leben-atmen.com\/wp-content\/blogs.dir\/12\/files\/2019\/07\/66f932125bd4ac84499546f249739e9c.jpg 1800w, https:\/\/www.leben-atmen.com\/wp-content\/blogs.dir\/12\/files\/2019\/07\/66f932125bd4ac84499546f249739e9c-300x225.jpg 300w, https:\/\/www.leben-atmen.com\/wp-content\/blogs.dir\/12\/files\/2019\/07\/66f932125bd4ac84499546f249739e9c-768x576.jpg 768w, https:\/\/www.leben-atmen.com\/wp-content\/blogs.dir\/12\/files\/2019\/07\/66f932125bd4ac84499546f249739e9c-1024x768.jpg 1024w, https:\/\/www.leben-atmen.com\/wp-content\/blogs.dir\/12\/files\/2019\/07\/66f932125bd4ac84499546f249739e9c-400x300.jpg 400w\" sizes=\"auto, (max-width: 1800px) 100vw, 1800px\" \/><\/p>\n","protected":false},"excerpt":{"rendered":"<p>Wir hatten viel Spa\u00df mit dir. Aber auch viel Arbeit, wegen dem Gegenwind. Du hast uns gut gefallen von Minden ab warst so wundersch\u00f6n. Wir m\u00fcssen dich nun verlassen, aber der Verlust wird nicht so gro\u00df sein, denn wir fahren jetzt auf den Fuldaradweg.<\/p>\n","protected":false},"author":2,"featured_media":0,"comment_status":"open","ping_status":"open","sticky":false,"template":"","format":"standard","meta":{"_jetpack_memberships_contains_paid_content":false,"footnotes":""},"categories":[1],"tags":[],"class_list":["post-828","post","type-post","status-publish","format-standard","hentry","category-allgemein"],"jetpack_featured_media_url":"","jetpack_sharing_enabled":true,"_links":{"self":[{"href":"https:\/\/www.leben-atmen.com\/deutschlandtour\/wp-json\/wp\/v2\/posts\/828","targetHints":{"allow":["GET"]}}],"collection":[{"href":"https:\/\/www.leben-atmen.com\/deutschlandtour\/wp-json\/wp\/v2\/posts"}],"about":[{"href":"https:\/\/www.leben-atmen.com\/deutschlandtour\/wp-json\/wp\/v2\/types\/post"}],"author":[{"embeddable":true,"href":"https:\/\/www.leben-atmen.com\/deutschlandtour\/wp-json\/wp\/v2\/users\/2"}],"replies":[{"embeddable":true,"href":"https:\/\/www.leben-atmen.com\/deutschlandtour\/wp-json\/wp\/v2\/comments?post=828"}],"version-history":[{"count":0,"href":"https:\/\/www.leben-atmen.com\/deutschlandtour\/wp-json\/wp\/v2\/posts\/828\/revisions"}],"wp:attachment":[{"href":"https:\/\/www.leben-atmen.com\/deutschlandtour\/wp-json\/wp\/v2\/media?parent=828"}],"wp:term":[{"taxonomy":"category","embeddable":true,"href":"https:\/\/www.leben-atmen.com\/deutschlandtour\/wp-json\/wp\/v2\/categories?post=828"},{"taxonomy":"post_tag","embeddable":true,"href":"https:\/\/www.leben-atmen.com\/deutschlandtour\/wp-json\/wp\/v2\/tags?post=828"}],"curies":[{"name":"wp","href":"https:\/\/api.w.org\/{rel}","templated":true}]}}