{"id":184,"date":"2019-06-25T19:12:05","date_gmt":"2019-06-25T17:12:05","guid":{"rendered":"https:\/\/www.leben-atmen.com\/deutschlandtour\/?p=184"},"modified":"2019-06-25T19:12:05","modified_gmt":"2019-06-25T17:12:05","slug":"rast-im-knast","status":"publish","type":"post","link":"https:\/\/www.leben-atmen.com\/deutschlandtour\/2019\/06\/25\/rast-im-knast\/","title":{"rendered":"Rast im Knast"},"content":{"rendered":"\n<p>So haben wir uns das vorgestellt! Endlich einmal ein gescheites Quartier in einem Amberger Gef\u00e4ngnis! Die Fahrr\u00e4der stehen in einem Bereich, wo man fr\u00fcher die Menschen kurzfristig zum Verh\u00f6r eingesperrt hat. Die Zimmer sind tats\u00e4chlich Zellen. Da sehr viele Radelfahrer Schlimmes angestellt zu haben scheinen, m\u00fcssen wir im Direktorenzimmer den gehobenen Strafvollzug absitzen. Das erspart uns aber die Str\u00e4flingskleidung nicht!<\/p>\n\n\n\n<figure class=\"wp-block-image\"><img loading=\"lazy\" decoding=\"async\" width=\"960\" height=\"1280\" src=\"https:\/\/i0.wp.com\/www.leben-atmen.com\/wp-content\/blogs.dir\/12\/files\/2019\/06\/0176fb51164cd23fc6fb503a07a99499.jpg?fit=584%2C779&amp;ssl=1\" alt=\"\" class=\"wp-image-185\" srcset=\"https:\/\/www.leben-atmen.com\/wp-content\/blogs.dir\/12\/files\/2019\/06\/0176fb51164cd23fc6fb503a07a99499.jpg 960w, https:\/\/www.leben-atmen.com\/wp-content\/blogs.dir\/12\/files\/2019\/06\/0176fb51164cd23fc6fb503a07a99499-225x300.jpg 225w, https:\/\/www.leben-atmen.com\/wp-content\/blogs.dir\/12\/files\/2019\/06\/0176fb51164cd23fc6fb503a07a99499-768x1024.jpg 768w\" sizes=\"auto, (max-width: 960px) 100vw, 960px\" \/><\/figure>\n\n\n\n<figure class=\"wp-block-image\"><img loading=\"lazy\" decoding=\"async\" width=\"960\" height=\"1280\" src=\"https:\/\/i1.wp.com\/www.leben-atmen.com\/wp-content\/blogs.dir\/12\/files\/2019\/06\/ae099c1d4121657f64a7ee5736e0b5a1.jpg?fit=584%2C779&amp;ssl=1\" alt=\"\" class=\"wp-image-186\" srcset=\"https:\/\/www.leben-atmen.com\/wp-content\/blogs.dir\/12\/files\/2019\/06\/ae099c1d4121657f64a7ee5736e0b5a1.jpg 960w, https:\/\/www.leben-atmen.com\/wp-content\/blogs.dir\/12\/files\/2019\/06\/ae099c1d4121657f64a7ee5736e0b5a1-225x300.jpg 225w, https:\/\/www.leben-atmen.com\/wp-content\/blogs.dir\/12\/files\/2019\/06\/ae099c1d4121657f64a7ee5736e0b5a1-768x1024.jpg 768w\" sizes=\"auto, (max-width: 960px) 100vw, 960px\" \/><\/figure>\n\n\n\n<figure class=\"wp-block-image\"><img loading=\"lazy\" decoding=\"async\" width=\"960\" height=\"1280\" src=\"https:\/\/i0.wp.com\/www.leben-atmen.com\/wp-content\/blogs.dir\/12\/files\/2019\/06\/ca4f03df6f32975dafa16066551b7c46.jpg?fit=584%2C779&amp;ssl=1\" alt=\"\" class=\"wp-image-187\" srcset=\"https:\/\/www.leben-atmen.com\/wp-content\/blogs.dir\/12\/files\/2019\/06\/ca4f03df6f32975dafa16066551b7c46.jpg 960w, https:\/\/www.leben-atmen.com\/wp-content\/blogs.dir\/12\/files\/2019\/06\/ca4f03df6f32975dafa16066551b7c46-225x300.jpg 225w, https:\/\/www.leben-atmen.com\/wp-content\/blogs.dir\/12\/files\/2019\/06\/ca4f03df6f32975dafa16066551b7c46-768x1024.jpg 768w\" sizes=\"auto, (max-width: 960px) 100vw, 960px\" \/><\/figure>\n\n\n\n<figure class=\"wp-block-image\"><img loading=\"lazy\" decoding=\"async\" width=\"960\" height=\"1280\" src=\"https:\/\/i1.wp.com\/www.leben-atmen.com\/wp-content\/blogs.dir\/12\/files\/2019\/06\/24aacdebe18ce9976e7d9d8402484cca.jpg?fit=584%2C779&amp;ssl=1\" alt=\"\" class=\"wp-image-188\" srcset=\"https:\/\/www.leben-atmen.com\/wp-content\/blogs.dir\/12\/files\/2019\/06\/24aacdebe18ce9976e7d9d8402484cca.jpg 960w, https:\/\/www.leben-atmen.com\/wp-content\/blogs.dir\/12\/files\/2019\/06\/24aacdebe18ce9976e7d9d8402484cca-225x300.jpg 225w, https:\/\/www.leben-atmen.com\/wp-content\/blogs.dir\/12\/files\/2019\/06\/24aacdebe18ce9976e7d9d8402484cca-768x1024.jpg 768w\" sizes=\"auto, (max-width: 960px) 100vw, 960px\" \/><\/figure>\n","protected":false},"excerpt":{"rendered":"<p>So haben wir uns das vorgestellt! Endlich einmal ein gescheites Quartier in einem Amberger Gef\u00e4ngnis! Die Fahrr\u00e4der stehen in einem Bereich, wo man fr\u00fcher die Menschen kurzfristig zum Verh\u00f6r eingesperrt hat. Die Zimmer sind tats\u00e4chlich Zellen. Da sehr viele Radelfahrer Schlimmes angestellt zu haben scheinen, m\u00fcssen wir im Direktorenzimmer den gehobenen Strafvollzug absitzen. Das erspart [&hellip;]<\/p>\n","protected":false},"author":2,"featured_media":0,"comment_status":"open","ping_status":"open","sticky":false,"template":"","format":"standard","meta":{"_jetpack_memberships_contains_paid_content":false,"footnotes":""},"categories":[1],"tags":[],"class_list":["post-184","post","type-post","status-publish","format-standard","hentry","category-allgemein"],"jetpack_featured_media_url":"","jetpack_sharing_enabled":true,"_links":{"self":[{"href":"https:\/\/www.leben-atmen.com\/deutschlandtour\/wp-json\/wp\/v2\/posts\/184","targetHints":{"allow":["GET"]}}],"collection":[{"href":"https:\/\/www.leben-atmen.com\/deutschlandtour\/wp-json\/wp\/v2\/posts"}],"about":[{"href":"https:\/\/www.leben-atmen.com\/deutschlandtour\/wp-json\/wp\/v2\/types\/post"}],"author":[{"embeddable":true,"href":"https:\/\/www.leben-atmen.com\/deutschlandtour\/wp-json\/wp\/v2\/users\/2"}],"replies":[{"embeddable":true,"href":"https:\/\/www.leben-atmen.com\/deutschlandtour\/wp-json\/wp\/v2\/comments?post=184"}],"version-history":[{"count":1,"href":"https:\/\/www.leben-atmen.com\/deutschlandtour\/wp-json\/wp\/v2\/posts\/184\/revisions"}],"predecessor-version":[{"id":189,"href":"https:\/\/www.leben-atmen.com\/deutschlandtour\/wp-json\/wp\/v2\/posts\/184\/revisions\/189"}],"wp:attachment":[{"href":"https:\/\/www.leben-atmen.com\/deutschlandtour\/wp-json\/wp\/v2\/media?parent=184"}],"wp:term":[{"taxonomy":"category","embeddable":true,"href":"https:\/\/www.leben-atmen.com\/deutschlandtour\/wp-json\/wp\/v2\/categories?post=184"},{"taxonomy":"post_tag","embeddable":true,"href":"https:\/\/www.leben-atmen.com\/deutschlandtour\/wp-json\/wp\/v2\/tags?post=184"}],"curies":[{"name":"wp","href":"https:\/\/api.w.org\/{rel}","templated":true}]}}