{"id":163,"date":"2019-06-24T19:12:33","date_gmt":"2019-06-24T17:12:33","guid":{"rendered":"https:\/\/www.leben-atmen.com\/deutschlandtour\/?p=163"},"modified":"2019-06-24T19:12:33","modified_gmt":"2019-06-24T17:12:33","slug":"wie-kann-man-so-doof-sein","status":"publish","type":"post","link":"https:\/\/www.leben-atmen.com\/deutschlandtour\/2019\/06\/24\/wie-kann-man-so-doof-sein\/","title":{"rendered":"Wie kann man so doof sein?"},"content":{"rendered":"\n<p>Meine iPhones hatten noch nie einen Glassprung, ich habe es nie vergessen, geschrottet oder gew\u00e4ssert. Es ist mir noch nie geklaut worden und das seit 2007! Heute habe ich Premiere und wenn dann mache ich es schon gescheit. An der Wurstk\u00fcche in Regensburg packte Toni das Stativ aus und dr\u00fcckte es mir in die Hand: &#8220; Jetzt bist du dran!&#8220; Ich fummelte mein iPhone rein und stellte es nahe am Uferrand auf. <\/p>\n\n\n\n<p>Das erste Selfie war ganz gut, l\u00f6st man es doch \u00fcber die Apple Watch aus. Aber zufrieden war ich nicht! Ich ver\u00e4nderte unter laufendem Protest von Toni die Position. &#8222;Nicht so nah ans Ufer&#8220; pl\u00e4rrte nicht nur einmal. Ja ja&#8230;dann drehte ich mich um und&#8230;..ZACK war es weg. Drei Meter in die Tiefe gefallen und mit einem Gurgeln in die Untiefen der Donau gesunken. <\/p>\n\n\n\n<p>So habe ich mal kurzerhand ein Haufen Geld versenkt &#8211; Toll! Der Abend ist gelaufen&#8230;. \u00dcbrigens ist das Bild das Letzte an was sich meine iCloud erinnert, das war heute um 15.30 Uhr ?<\/p>\n\n\n\n<figure class=\"wp-block-image\"><img loading=\"lazy\" decoding=\"async\" width=\"960\" height=\"1280\" src=\"https:\/\/i1.wp.com\/www.leben-atmen.com\/wp-content\/blogs.dir\/12\/files\/2019\/06\/56c9ccbb865e4528ec2d890697a9cee7.jpg?fit=584%2C779&amp;ssl=1\" alt=\"\" class=\"wp-image-165\" srcset=\"https:\/\/www.leben-atmen.com\/wp-content\/blogs.dir\/12\/files\/2019\/06\/56c9ccbb865e4528ec2d890697a9cee7.jpg 960w, https:\/\/www.leben-atmen.com\/wp-content\/blogs.dir\/12\/files\/2019\/06\/56c9ccbb865e4528ec2d890697a9cee7-225x300.jpg 225w, https:\/\/www.leben-atmen.com\/wp-content\/blogs.dir\/12\/files\/2019\/06\/56c9ccbb865e4528ec2d890697a9cee7-768x1024.jpg 768w\" sizes=\"auto, (max-width: 960px) 100vw, 960px\" \/><\/figure>\n","protected":false},"excerpt":{"rendered":"<p>Meine iPhones hatten noch nie einen Glassprung, ich habe es nie vergessen, geschrottet oder gew\u00e4ssert. Es ist mir noch nie geklaut worden und das seit 2007! Heute habe ich Premiere und wenn dann mache ich es schon gescheit. An der Wurstk\u00fcche in Regensburg packte Toni das Stativ aus und dr\u00fcckte es mir in die Hand: [&hellip;]<\/p>\n","protected":false},"author":2,"featured_media":0,"comment_status":"open","ping_status":"open","sticky":false,"template":"","format":"standard","meta":{"_jetpack_memberships_contains_paid_content":false,"footnotes":""},"categories":[1],"tags":[],"class_list":["post-163","post","type-post","status-publish","format-standard","hentry","category-allgemein"],"jetpack_featured_media_url":"","jetpack_sharing_enabled":true,"_links":{"self":[{"href":"https:\/\/www.leben-atmen.com\/deutschlandtour\/wp-json\/wp\/v2\/posts\/163","targetHints":{"allow":["GET"]}}],"collection":[{"href":"https:\/\/www.leben-atmen.com\/deutschlandtour\/wp-json\/wp\/v2\/posts"}],"about":[{"href":"https:\/\/www.leben-atmen.com\/deutschlandtour\/wp-json\/wp\/v2\/types\/post"}],"author":[{"embeddable":true,"href":"https:\/\/www.leben-atmen.com\/deutschlandtour\/wp-json\/wp\/v2\/users\/2"}],"replies":[{"embeddable":true,"href":"https:\/\/www.leben-atmen.com\/deutschlandtour\/wp-json\/wp\/v2\/comments?post=163"}],"version-history":[{"count":2,"href":"https:\/\/www.leben-atmen.com\/deutschlandtour\/wp-json\/wp\/v2\/posts\/163\/revisions"}],"predecessor-version":[{"id":164,"href":"https:\/\/www.leben-atmen.com\/deutschlandtour\/wp-json\/wp\/v2\/posts\/163\/revisions\/164"}],"wp:attachment":[{"href":"https:\/\/www.leben-atmen.com\/deutschlandtour\/wp-json\/wp\/v2\/media?parent=163"}],"wp:term":[{"taxonomy":"category","embeddable":true,"href":"https:\/\/www.leben-atmen.com\/deutschlandtour\/wp-json\/wp\/v2\/categories?post=163"},{"taxonomy":"post_tag","embeddable":true,"href":"https:\/\/www.leben-atmen.com\/deutschlandtour\/wp-json\/wp\/v2\/tags?post=163"}],"curies":[{"name":"wp","href":"https:\/\/api.w.org\/{rel}","templated":true}]}}