{"id":371,"date":"2021-07-26T15:44:54","date_gmt":"2021-07-26T13:44:54","guid":{"rendered":"https:\/\/www.leben-atmen.com\/bella-italia\/?p=371"},"modified":"2021-07-26T15:44:57","modified_gmt":"2021-07-26T13:44:57","slug":"tiberradweg-mit-aergernissen","status":"publish","type":"post","link":"https:\/\/www.leben-atmen.com\/bella-italia\/2021\/07\/26\/tiberradweg-mit-aergernissen\/","title":{"rendered":"Tiberradweg mit \u00c4rgernissen"},"content":{"rendered":"<p>Vorhin hatte es so gut angefangen, haben wir doch den Tiberradweg eingeschlagen. Leider waren nur die ersten drei Kilometer sch\u00f6n! Danach ging es erst mal nach Montone. Wie der Name schon sagt, war das Dorf nat\u00fcrlich hoch auf dem Berg. \ufffc Danach ging es in Serpentinen wieder nach unten an den Tiber. Fast an der gleichen Stelle wo wir auf dem Berg fuhren.\ufffc Der Weg war mit Ger\u00f6ll und Steinen aufgesch\u00fcttet\ufffc. Wir fanden den Anschluss nicht und fuhren am Maisfeld im Schlamm vorbei.<\/p>\n<p>Dann hat es uns gereicht und wir sind wieder auf die Staatsstra\u00dfe gewechselt. 8 km vor Citta di Castello haben wir es noch einmal versucht. Vergeblich! Dieser Fahrradweg ist zusammenh\u00e4ngend nicht befahrbar! Sehr schade f\u00fcr Umbrien!\ufffc\ufffc<\/p>\n<p><img data-recalc-dims=\"1\" loading=\"lazy\" decoding=\"async\" src=\"https:\/\/i0.wp.com\/www.leben-atmen.com\/wp-content\/blogs.dir\/14\/files\/sites\/14\/2021\/07\/07fdf0b5e10070b91b54a71ca7072ee1.jpg?resize=612%2C816&#038;ssl=1\" class=\"size-full\" width=\"612\" height=\"816\"><img data-recalc-dims=\"1\" loading=\"lazy\" decoding=\"async\" src=\"https:\/\/i0.wp.com\/www.leben-atmen.com\/wp-content\/blogs.dir\/14\/files\/sites\/14\/2021\/07\/40fe35ebe907bce8f2e981e166077ef3.jpg?resize=612%2C459&#038;ssl=1\" class=\"size-full wp-image-369\" width=\"612\" height=\"459\" srcset=\"https:\/\/i0.wp.com\/www.leben-atmen.com\/wp-content\/blogs.dir\/14\/files\/sites\/14\/2021\/07\/40fe35ebe907bce8f2e981e166077ef3.jpg?w=1500&amp;ssl=1 1500w, https:\/\/i0.wp.com\/www.leben-atmen.com\/wp-content\/blogs.dir\/14\/files\/sites\/14\/2021\/07\/40fe35ebe907bce8f2e981e166077ef3.jpg?resize=300%2C225&amp;ssl=1 300w, https:\/\/i0.wp.com\/www.leben-atmen.com\/wp-content\/blogs.dir\/14\/files\/sites\/14\/2021\/07\/40fe35ebe907bce8f2e981e166077ef3.jpg?resize=768%2C575&amp;ssl=1 768w, https:\/\/i0.wp.com\/www.leben-atmen.com\/wp-content\/blogs.dir\/14\/files\/sites\/14\/2021\/07\/40fe35ebe907bce8f2e981e166077ef3.jpg?w=1224&amp;ssl=1 1224w\" sizes=\"auto, (max-width: 612px) 100vw, 612px\" \/><img data-recalc-dims=\"1\" loading=\"lazy\" decoding=\"async\" src=\"https:\/\/i0.wp.com\/www.leben-atmen.com\/wp-content\/blogs.dir\/14\/files\/sites\/14\/2021\/07\/607be1b52deb2c609e99aa67f70546bd.jpg?resize=612%2C459&#038;ssl=1\" class=\"size-full wp-image-368\" width=\"612\" height=\"459\" srcset=\"https:\/\/i0.wp.com\/www.leben-atmen.com\/wp-content\/blogs.dir\/14\/files\/sites\/14\/2021\/07\/607be1b52deb2c609e99aa67f70546bd.jpg?w=1500&amp;ssl=1 1500w, https:\/\/i0.wp.com\/www.leben-atmen.com\/wp-content\/blogs.dir\/14\/files\/sites\/14\/2021\/07\/607be1b52deb2c609e99aa67f70546bd.jpg?resize=300%2C225&amp;ssl=1 300w, https:\/\/i0.wp.com\/www.leben-atmen.com\/wp-content\/blogs.dir\/14\/files\/sites\/14\/2021\/07\/607be1b52deb2c609e99aa67f70546bd.jpg?resize=768%2C575&amp;ssl=1 768w, https:\/\/i0.wp.com\/www.leben-atmen.com\/wp-content\/blogs.dir\/14\/files\/sites\/14\/2021\/07\/607be1b52deb2c609e99aa67f70546bd.jpg?w=1224&amp;ssl=1 1224w\" sizes=\"auto, (max-width: 612px) 100vw, 612px\" \/><\/p>\n","protected":false},"excerpt":{"rendered":"<p>Vorhin hatte es so gut angefangen, haben wir doch den Tiberradweg eingeschlagen. Leider waren nur die ersten drei Kilometer sch\u00f6n! Danach ging es erst mal nach Montone. Wie der Name schon sagt, war das Dorf nat\u00fcrlich hoch auf dem Berg. \ufffc Danach ging es in Serpentinen wieder nach unten an den Tiber. Fast an der [&hellip;]<\/p>\n","protected":false},"author":2,"featured_media":0,"comment_status":"open","ping_status":"closed","sticky":false,"template":"","format":"standard","meta":{"_jetpack_memberships_contains_paid_content":false,"footnotes":"","jetpack_publicize_message":"","jetpack_publicize_feature_enabled":true,"jetpack_social_post_already_shared":true,"jetpack_social_options":{"image_generator_settings":{"template":"highway","default_image_id":0,"font":"","enabled":false},"version":2}},"categories":[1],"tags":[],"class_list":["post-371","post","type-post","status-publish","format-standard","hentry","category-allgemein"],"jetpack_publicize_connections":[],"jetpack_featured_media_url":"","jetpack_sharing_enabled":true,"_links":{"self":[{"href":"https:\/\/www.leben-atmen.com\/bella-italia\/wp-json\/wp\/v2\/posts\/371","targetHints":{"allow":["GET"]}}],"collection":[{"href":"https:\/\/www.leben-atmen.com\/bella-italia\/wp-json\/wp\/v2\/posts"}],"about":[{"href":"https:\/\/www.leben-atmen.com\/bella-italia\/wp-json\/wp\/v2\/types\/post"}],"author":[{"embeddable":true,"href":"https:\/\/www.leben-atmen.com\/bella-italia\/wp-json\/wp\/v2\/users\/2"}],"replies":[{"embeddable":true,"href":"https:\/\/www.leben-atmen.com\/bella-italia\/wp-json\/wp\/v2\/comments?post=371"}],"version-history":[{"count":1,"href":"https:\/\/www.leben-atmen.com\/bella-italia\/wp-json\/wp\/v2\/posts\/371\/revisions"}],"predecessor-version":[{"id":372,"href":"https:\/\/www.leben-atmen.com\/bella-italia\/wp-json\/wp\/v2\/posts\/371\/revisions\/372"}],"wp:attachment":[{"href":"https:\/\/www.leben-atmen.com\/bella-italia\/wp-json\/wp\/v2\/media?parent=371"}],"wp:term":[{"taxonomy":"category","embeddable":true,"href":"https:\/\/www.leben-atmen.com\/bella-italia\/wp-json\/wp\/v2\/categories?post=371"},{"taxonomy":"post_tag","embeddable":true,"href":"https:\/\/www.leben-atmen.com\/bella-italia\/wp-json\/wp\/v2\/tags?post=371"}],"curies":[{"name":"wp","href":"https:\/\/api.w.org\/{rel}","templated":true}]}}