{"id":312,"date":"2021-07-21T17:58:20","date_gmt":"2021-07-21T15:58:20","guid":{"rendered":"https:\/\/www.leben-atmen.com\/bella-italia\/?p=312"},"modified":"2021-07-21T17:58:47","modified_gmt":"2021-07-21T15:58:47","slug":"italiens-fieberkurve","status":"publish","type":"post","link":"https:\/\/www.leben-atmen.com\/bella-italia\/2021\/07\/21\/italiens-fieberkurve\/","title":{"rendered":"Italiens Fieberkurve"},"content":{"rendered":"\n<p>Wir sind zwei Menschen, die Italien vor Covid-19 viel bereist haben. Schon in jungen Jahren waren wir hier oft zu Gast, nicht mit dem Fahrrad, aber wir kannten bereits viele Teile dieses Landes. Mir ist w\u00e4hrend dieser laufenden Pandemie etwas aufgefallen. Fr\u00fcher war es so, dass je mehr Touristen eine Region hatte, desto nerviger, lauter und quirliger waren die einheimischen ItalienerInnen. Es war, wie wenn sie gegen die Massen der Touristen anschreien, angeben, anrennen, \u00fcbert\u00f6nen m\u00fcssten. Wie im Fieber kamen die St\u00e4dte, die Regionen, die Bev\u00f6lkerung nicht zur Ruhe, nicht einmal nachts um halb vier.&nbsp;<\/p>\n\n\n\n<p>Vor einem Jahr, mit fehlenden Fremden im Land, sind sie stiller geworden, die Temperatur des Temperaments war gesunken auf ein, wie ich finde, normales Niveau. Jetzt, wo alles wieder im Begriff ist, hochzufahren, merkt man, dass die Menschen wirklich genervt sind gegen\u00fcber dieser wieder steigenden Touristenwelle. Vielleicht merken sie jetzt erst, dass das Tempo zu hoch und die Touristenmassen (speziell aus Asien, Amerika und Russland) zu viel waren, zu viel werden, zu viel sind. Sowohl f\u00fcr das Land als auch f\u00fcr die Menschen. K\u00f6nnen sie aber gar keinen anderen Weg mehr gehen, als wieder \u201eFieber\u201c zu bekommen? Oder finden sie vielleicht, dass sie nicht mehr so viel davon brauchen und trotzdem genug haben? Es bleibt spannend\u2026<\/p>\n\n\n\n<figure class=\"wp-block-image size-large\"><img data-recalc-dims=\"1\" loading=\"lazy\" decoding=\"async\" width=\"612\" height=\"560\" src=\"https:\/\/i0.wp.com\/www.leben-atmen.com\/wp-content\/blogs.dir\/14\/files\/sites\/14\/2021\/07\/27d7864848e75035029e2a3314ca38c6.jpeg?resize=612%2C560&#038;ssl=1\" alt=\"\" class=\"wp-image-313\" srcset=\"https:\/\/i0.wp.com\/www.leben-atmen.com\/wp-content\/blogs.dir\/14\/files\/sites\/14\/2021\/07\/27d7864848e75035029e2a3314ca38c6.jpeg?w=1280&amp;ssl=1 1280w, https:\/\/i0.wp.com\/www.leben-atmen.com\/wp-content\/blogs.dir\/14\/files\/sites\/14\/2021\/07\/27d7864848e75035029e2a3314ca38c6.jpeg?resize=300%2C274&amp;ssl=1 300w, https:\/\/i0.wp.com\/www.leben-atmen.com\/wp-content\/blogs.dir\/14\/files\/sites\/14\/2021\/07\/27d7864848e75035029e2a3314ca38c6.jpeg?resize=768%2C703&amp;ssl=1 768w, https:\/\/i0.wp.com\/www.leben-atmen.com\/wp-content\/blogs.dir\/14\/files\/sites\/14\/2021\/07\/27d7864848e75035029e2a3314ca38c6.jpeg?w=1224&amp;ssl=1 1224w\" sizes=\"auto, (max-width: 612px) 100vw, 612px\" \/><\/figure>\n","protected":false},"excerpt":{"rendered":"<p>Wir sind zwei Menschen, die Italien vor Covid-19 viel bereist haben. Schon in jungen Jahren waren wir hier oft zu Gast, nicht mit dem Fahrrad, aber wir kannten bereits viele Teile dieses Landes. Mir ist w\u00e4hrend dieser laufenden Pandemie etwas aufgefallen. Fr\u00fcher war es so, dass je mehr Touristen eine Region hatte, desto nerviger, lauter [&hellip;]<\/p>\n","protected":false},"author":2,"featured_media":0,"comment_status":"open","ping_status":"closed","sticky":false,"template":"","format":"standard","meta":{"_jetpack_memberships_contains_paid_content":false,"footnotes":"","jetpack_publicize_message":"","jetpack_publicize_feature_enabled":true,"jetpack_social_post_already_shared":true,"jetpack_social_options":{"image_generator_settings":{"template":"highway","default_image_id":0,"font":"","enabled":false},"version":2}},"categories":[1],"tags":[],"class_list":["post-312","post","type-post","status-publish","format-standard","hentry","category-allgemein"],"jetpack_publicize_connections":[],"jetpack_featured_media_url":"","jetpack_sharing_enabled":true,"_links":{"self":[{"href":"https:\/\/www.leben-atmen.com\/bella-italia\/wp-json\/wp\/v2\/posts\/312","targetHints":{"allow":["GET"]}}],"collection":[{"href":"https:\/\/www.leben-atmen.com\/bella-italia\/wp-json\/wp\/v2\/posts"}],"about":[{"href":"https:\/\/www.leben-atmen.com\/bella-italia\/wp-json\/wp\/v2\/types\/post"}],"author":[{"embeddable":true,"href":"https:\/\/www.leben-atmen.com\/bella-italia\/wp-json\/wp\/v2\/users\/2"}],"replies":[{"embeddable":true,"href":"https:\/\/www.leben-atmen.com\/bella-italia\/wp-json\/wp\/v2\/comments?post=312"}],"version-history":[{"count":2,"href":"https:\/\/www.leben-atmen.com\/bella-italia\/wp-json\/wp\/v2\/posts\/312\/revisions"}],"predecessor-version":[{"id":314,"href":"https:\/\/www.leben-atmen.com\/bella-italia\/wp-json\/wp\/v2\/posts\/312\/revisions\/314"}],"wp:attachment":[{"href":"https:\/\/www.leben-atmen.com\/bella-italia\/wp-json\/wp\/v2\/media?parent=312"}],"wp:term":[{"taxonomy":"category","embeddable":true,"href":"https:\/\/www.leben-atmen.com\/bella-italia\/wp-json\/wp\/v2\/categories?post=312"},{"taxonomy":"post_tag","embeddable":true,"href":"https:\/\/www.leben-atmen.com\/bella-italia\/wp-json\/wp\/v2\/tags?post=312"}],"curies":[{"name":"wp","href":"https:\/\/api.w.org\/{rel}","templated":true}]}}