{"id":281,"date":"2021-07-19T22:45:23","date_gmt":"2021-07-19T20:45:23","guid":{"rendered":"https:\/\/www.leben-atmen.com\/bella-italia\/?p=281"},"modified":"2021-07-19T22:45:31","modified_gmt":"2021-07-19T20:45:31","slug":"die-toskana-suedlich-von-florenz","status":"publish","type":"post","link":"https:\/\/www.leben-atmen.com\/bella-italia\/2021\/07\/19\/die-toskana-suedlich-von-florenz\/","title":{"rendered":"Die Toskana s\u00fcdlich von Florenz"},"content":{"rendered":"\n<p>Wir radeln von Florenz aus s\u00fcdw\u00e4rts in Richtung Siena. Mir f\u00e4llt auf, dass wir auf einer der hier unz\u00e4hligen Weinstra\u00dfen fahren. Diese Stra\u00dfe \u2013 die SR 2 \u2013 ist v\u00f6llig kaputt, was auf andauernden regen Verkehr schlie\u00dfen l\u00e4sst. Aber die Autos, die uns \u00fcberholen, bleiben heute z\u00e4hlbar. Wir fahren an vielen Winery-H\u00e4usern vorbei, die vorwiegend auf englisch ihre Werbeplakate pr\u00e4sentieren. Fast alle aber haben geschlossen, ja schauen gar verlassen aus oder werden gerade renoviert. <\/p>\n\n\n\n<p>Ein pomp\u00f6ses amerikanisches Denkmal an den 2. Weltkrieg am Fluss ist zu sehen, aber niemand besucht es. Ich schlie\u00dfe daraus, dass hier im S\u00fcden von Florenz normalerweise vor lauter amerikanischer Weintouristen Landunter w\u00e4re, w\u00e4re da nicht das COVID-19-Virus, das die Amerikaner davon abh\u00e4lt, \u201eihre\u201c Toskana zu besuchen. Uns soll es recht sein. Den Italienern wahrscheinlich nicht. Jedoch, ich finde, weniger von diesem sinnlosen \u00dcbersee-Tourismus schadet weder der Landschaft, noch dem Klima oder dem Wein, noch den Gastwirten, die sich nun redlich um uns bem\u00fchen und uns \u00fcberall herzlich aufnehmen.<\/p>\n\n\n\n<figure class=\"wp-block-image size-large\"><img data-recalc-dims=\"1\" loading=\"lazy\" decoding=\"async\" width=\"612\" height=\"385\" src=\"https:\/\/i0.wp.com\/www.leben-atmen.com\/wp-content\/blogs.dir\/14\/files\/sites\/14\/2021\/07\/70671f7fc7f45ab7fb21e707b0400159.jpeg?resize=612%2C385&#038;ssl=1\" alt=\"\" class=\"wp-image-282\" srcset=\"https:\/\/i0.wp.com\/www.leben-atmen.com\/wp-content\/blogs.dir\/14\/files\/sites\/14\/2021\/07\/70671f7fc7f45ab7fb21e707b0400159.jpeg?w=640&amp;ssl=1 640w, https:\/\/i0.wp.com\/www.leben-atmen.com\/wp-content\/blogs.dir\/14\/files\/sites\/14\/2021\/07\/70671f7fc7f45ab7fb21e707b0400159.jpeg?resize=300%2C189&amp;ssl=1 300w\" sizes=\"auto, (max-width: 612px) 100vw, 612px\" \/><\/figure>\n\n\n\n<p><\/p>\n","protected":false},"excerpt":{"rendered":"<p>Wir radeln von Florenz aus s\u00fcdw\u00e4rts in Richtung Siena. Mir f\u00e4llt auf, dass wir auf einer der hier unz\u00e4hligen Weinstra\u00dfen fahren. Diese Stra\u00dfe \u2013 die SR 2 \u2013 ist v\u00f6llig kaputt, was auf andauernden regen Verkehr schlie\u00dfen l\u00e4sst. Aber die Autos, die uns \u00fcberholen, bleiben heute z\u00e4hlbar. Wir fahren an vielen Winery-H\u00e4usern vorbei, die vorwiegend [&hellip;]<\/p>\n","protected":false},"author":2,"featured_media":0,"comment_status":"open","ping_status":"closed","sticky":false,"template":"","format":"standard","meta":{"_jetpack_memberships_contains_paid_content":false,"footnotes":"","jetpack_publicize_message":"","jetpack_publicize_feature_enabled":true,"jetpack_social_post_already_shared":true,"jetpack_social_options":{"image_generator_settings":{"template":"highway","default_image_id":0,"font":"","enabled":false},"version":2}},"categories":[1],"tags":[],"class_list":["post-281","post","type-post","status-publish","format-standard","hentry","category-allgemein"],"jetpack_publicize_connections":[],"jetpack_featured_media_url":"","jetpack_sharing_enabled":true,"_links":{"self":[{"href":"https:\/\/www.leben-atmen.com\/bella-italia\/wp-json\/wp\/v2\/posts\/281","targetHints":{"allow":["GET"]}}],"collection":[{"href":"https:\/\/www.leben-atmen.com\/bella-italia\/wp-json\/wp\/v2\/posts"}],"about":[{"href":"https:\/\/www.leben-atmen.com\/bella-italia\/wp-json\/wp\/v2\/types\/post"}],"author":[{"embeddable":true,"href":"https:\/\/www.leben-atmen.com\/bella-italia\/wp-json\/wp\/v2\/users\/2"}],"replies":[{"embeddable":true,"href":"https:\/\/www.leben-atmen.com\/bella-italia\/wp-json\/wp\/v2\/comments?post=281"}],"version-history":[{"count":1,"href":"https:\/\/www.leben-atmen.com\/bella-italia\/wp-json\/wp\/v2\/posts\/281\/revisions"}],"predecessor-version":[{"id":284,"href":"https:\/\/www.leben-atmen.com\/bella-italia\/wp-json\/wp\/v2\/posts\/281\/revisions\/284"}],"wp:attachment":[{"href":"https:\/\/www.leben-atmen.com\/bella-italia\/wp-json\/wp\/v2\/media?parent=281"}],"wp:term":[{"taxonomy":"category","embeddable":true,"href":"https:\/\/www.leben-atmen.com\/bella-italia\/wp-json\/wp\/v2\/categories?post=281"},{"taxonomy":"post_tag","embeddable":true,"href":"https:\/\/www.leben-atmen.com\/bella-italia\/wp-json\/wp\/v2\/tags?post=281"}],"curies":[{"name":"wp","href":"https:\/\/api.w.org\/{rel}","templated":true}]}}