{"id":216,"date":"2021-07-14T12:16:59","date_gmt":"2021-07-14T10:16:59","guid":{"rendered":"https:\/\/www.leben-atmen.com\/bella-italia\/?p=216"},"modified":"2021-07-14T12:17:06","modified_gmt":"2021-07-14T10:17:06","slug":"entlang-der-via-claudia-augusta","status":"publish","type":"post","link":"https:\/\/www.leben-atmen.com\/bella-italia\/2021\/07\/14\/entlang-der-via-claudia-augusta\/","title":{"rendered":"Entlang der Via Claudia Augusta"},"content":{"rendered":"<p>Wir fahren seit Rovereto wieder auf der ber\u00fchmten r\u00f6mischen Stra\u00dfe. Es gibt keine besonderen Vorkommnisse, es ist und bleibt eine Transitstrecke f\u00fcr Autos wie f\u00fcr Radfahrer \ufffcdurch die Berge. Mit dem Unterschied, dass der Radler sich bewegt und an der frischen Luft ist, und die sch\u00f6ne Landschaft hie und da genie\u00dfen kann.\ufffc<\/p>\n<p><img data-recalc-dims=\"1\" loading=\"lazy\" decoding=\"async\" src=\"https:\/\/i0.wp.com\/www.leben-atmen.com\/wp-content\/blogs.dir\/14\/files\/sites\/14\/2021\/07\/2daf68acc9166710670dff10712d09e4.jpg?resize=612%2C459&#038;ssl=1\" class=\"size-full wp-image-215\" width=\"612\" height=\"459\" srcset=\"https:\/\/i0.wp.com\/www.leben-atmen.com\/wp-content\/blogs.dir\/14\/files\/sites\/14\/2021\/07\/2daf68acc9166710670dff10712d09e4.jpg?w=1500&amp;ssl=1 1500w, https:\/\/i0.wp.com\/www.leben-atmen.com\/wp-content\/blogs.dir\/14\/files\/sites\/14\/2021\/07\/2daf68acc9166710670dff10712d09e4.jpg?resize=300%2C225&amp;ssl=1 300w, https:\/\/i0.wp.com\/www.leben-atmen.com\/wp-content\/blogs.dir\/14\/files\/sites\/14\/2021\/07\/2daf68acc9166710670dff10712d09e4.jpg?resize=768%2C575&amp;ssl=1 768w, https:\/\/i0.wp.com\/www.leben-atmen.com\/wp-content\/blogs.dir\/14\/files\/sites\/14\/2021\/07\/2daf68acc9166710670dff10712d09e4.jpg?w=1224&amp;ssl=1 1224w\" sizes=\"auto, (max-width: 612px) 100vw, 612px\" \/><\/p>\n","protected":false},"excerpt":{"rendered":"<p>Wir fahren seit Rovereto wieder auf der ber\u00fchmten r\u00f6mischen Stra\u00dfe. Es gibt keine besonderen Vorkommnisse, es ist und bleibt eine Transitstrecke f\u00fcr Autos wie f\u00fcr Radfahrer \ufffcdurch die Berge. Mit dem Unterschied, dass der Radler sich bewegt und an der frischen Luft ist, und die sch\u00f6ne Landschaft hie und da genie\u00dfen kann.\ufffc<\/p>\n","protected":false},"author":2,"featured_media":0,"comment_status":"open","ping_status":"closed","sticky":false,"template":"","format":"standard","meta":{"_jetpack_memberships_contains_paid_content":false,"footnotes":"","jetpack_publicize_message":"","jetpack_publicize_feature_enabled":true,"jetpack_social_post_already_shared":true,"jetpack_social_options":{"image_generator_settings":{"template":"highway","default_image_id":0,"font":"","enabled":false},"version":2}},"categories":[1],"tags":[],"class_list":["post-216","post","type-post","status-publish","format-standard","hentry","category-allgemein"],"jetpack_publicize_connections":[],"jetpack_featured_media_url":"","jetpack_sharing_enabled":true,"_links":{"self":[{"href":"https:\/\/www.leben-atmen.com\/bella-italia\/wp-json\/wp\/v2\/posts\/216","targetHints":{"allow":["GET"]}}],"collection":[{"href":"https:\/\/www.leben-atmen.com\/bella-italia\/wp-json\/wp\/v2\/posts"}],"about":[{"href":"https:\/\/www.leben-atmen.com\/bella-italia\/wp-json\/wp\/v2\/types\/post"}],"author":[{"embeddable":true,"href":"https:\/\/www.leben-atmen.com\/bella-italia\/wp-json\/wp\/v2\/users\/2"}],"replies":[{"embeddable":true,"href":"https:\/\/www.leben-atmen.com\/bella-italia\/wp-json\/wp\/v2\/comments?post=216"}],"version-history":[{"count":1,"href":"https:\/\/www.leben-atmen.com\/bella-italia\/wp-json\/wp\/v2\/posts\/216\/revisions"}],"predecessor-version":[{"id":217,"href":"https:\/\/www.leben-atmen.com\/bella-italia\/wp-json\/wp\/v2\/posts\/216\/revisions\/217"}],"wp:attachment":[{"href":"https:\/\/www.leben-atmen.com\/bella-italia\/wp-json\/wp\/v2\/media?parent=216"}],"wp:term":[{"taxonomy":"category","embeddable":true,"href":"https:\/\/www.leben-atmen.com\/bella-italia\/wp-json\/wp\/v2\/categories?post=216"},{"taxonomy":"post_tag","embeddable":true,"href":"https:\/\/www.leben-atmen.com\/bella-italia\/wp-json\/wp\/v2\/tags?post=216"}],"curies":[{"name":"wp","href":"https:\/\/api.w.org\/{rel}","templated":true}]}}