{"id":201,"date":"2021-07-13T09:03:51","date_gmt":"2021-07-13T07:03:51","guid":{"rendered":"https:\/\/www.leben-atmen.com\/bella-italia\/?p=201"},"modified":"2021-07-13T09:03:56","modified_gmt":"2021-07-13T07:03:56","slug":"schoenes-tirol-mit-regeln","status":"publish","type":"post","link":"https:\/\/www.leben-atmen.com\/bella-italia\/2021\/07\/13\/schoenes-tirol-mit-regeln\/","title":{"rendered":"Sch\u00f6nes Tirol mit Regeln"},"content":{"rendered":"<p>Seit zwei N\u00e4chten halten wir uns im \u00f6sterreichischen Bundesland Tirol auf. Die Touristenstr\u00f6me halten sich in Grenzen und wir beobachten stets abends, dass sich die Menschen immer noch viel von lieferando und Co das Essen liefern lassen.<\/p>\n<p>Nebenbei aber haben sie in Hotels und Gasth\u00e4usern sowie Restaurants erneut die Maskenpflicht seit 1. Juli abgeschafft. Offensichtlich, um uns Touristen ein sch\u00f6nes Urlaubsfeeling zu vermitteln.<\/p>\n<p>Allerdings ist es f\u00fcr uns schon befremdlich, wo wir Deutschen doch noch sehr strenge Maskenverordnungen &#8211; gerade in Gastronomie und Hotels &#8211; haben.<\/p>\n<p>Gut, man muss zwar getestet geimpft oder genesen sein und den Nachweis erbringen, aber dies wird oft mehr oder weniger streng kontrolliert.<\/p>\n<p>Ein gutes Gef\u00fchl haben wir, wie auch schon 2020, hier nicht. Aber was soll&#8217;s , wir vertrauen auf unsere Impfungen und hoffen, dass der gespr\u00e4chige Kellner ohne Mundschutz auch eines der drei Gs hat&#8230;.<\/p>\n<p><img data-recalc-dims=\"1\" loading=\"lazy\" decoding=\"async\" src=\"https:\/\/i0.wp.com\/www.leben-atmen.com\/wp-content\/blogs.dir\/14\/files\/sites\/14\/2021\/07\/ec3d07e3fc7f84710c1c8b7d664c5113.jpg?resize=612%2C817&#038;ssl=1\" class=\"size-full wp-image-200\" width=\"612\" height=\"817\" srcset=\"https:\/\/i0.wp.com\/www.leben-atmen.com\/wp-content\/blogs.dir\/14\/files\/sites\/14\/2021\/07\/ec3d07e3fc7f84710c1c8b7d664c5113.jpg?w=1124&amp;ssl=1 1124w, https:\/\/i0.wp.com\/www.leben-atmen.com\/wp-content\/blogs.dir\/14\/files\/sites\/14\/2021\/07\/ec3d07e3fc7f84710c1c8b7d664c5113.jpg?resize=225%2C300&amp;ssl=1 225w, https:\/\/i0.wp.com\/www.leben-atmen.com\/wp-content\/blogs.dir\/14\/files\/sites\/14\/2021\/07\/ec3d07e3fc7f84710c1c8b7d664c5113.jpg?resize=768%2C1025&amp;ssl=1 768w\" sizes=\"auto, (max-width: 612px) 100vw, 612px\" \/><img data-recalc-dims=\"1\" loading=\"lazy\" decoding=\"async\" src=\"https:\/\/i0.wp.com\/www.leben-atmen.com\/wp-content\/blogs.dir\/14\/files\/sites\/14\/2021\/07\/25e91eed89f5779c52a8c8240cfef943.jpg?resize=612%2C817&#038;ssl=1\" class=\"size-full wp-image-199\" width=\"612\" height=\"817\" srcset=\"https:\/\/i0.wp.com\/www.leben-atmen.com\/wp-content\/blogs.dir\/14\/files\/sites\/14\/2021\/07\/25e91eed89f5779c52a8c8240cfef943.jpg?w=1124&amp;ssl=1 1124w, https:\/\/i0.wp.com\/www.leben-atmen.com\/wp-content\/blogs.dir\/14\/files\/sites\/14\/2021\/07\/25e91eed89f5779c52a8c8240cfef943.jpg?resize=225%2C300&amp;ssl=1 225w, https:\/\/i0.wp.com\/www.leben-atmen.com\/wp-content\/blogs.dir\/14\/files\/sites\/14\/2021\/07\/25e91eed89f5779c52a8c8240cfef943.jpg?resize=768%2C1025&amp;ssl=1 768w\" sizes=\"auto, (max-width: 612px) 100vw, 612px\" \/><\/p>\n","protected":false},"excerpt":{"rendered":"<p>Seit zwei N\u00e4chten halten wir uns im \u00f6sterreichischen Bundesland Tirol auf. Die Touristenstr\u00f6me halten sich in Grenzen und wir beobachten stets abends, dass sich die Menschen immer noch viel von lieferando und Co das Essen liefern lassen. Nebenbei aber haben sie in Hotels und Gasth\u00e4usern sowie Restaurants erneut die Maskenpflicht seit 1. Juli abgeschafft. Offensichtlich, [&hellip;]<\/p>\n","protected":false},"author":2,"featured_media":0,"comment_status":"open","ping_status":"closed","sticky":false,"template":"","format":"standard","meta":{"_jetpack_memberships_contains_paid_content":false,"footnotes":"","jetpack_publicize_message":"","jetpack_publicize_feature_enabled":true,"jetpack_social_post_already_shared":true,"jetpack_social_options":{"image_generator_settings":{"template":"highway","default_image_id":0,"font":"","enabled":false},"version":2}},"categories":[1],"tags":[],"class_list":["post-201","post","type-post","status-publish","format-standard","hentry","category-allgemein"],"jetpack_publicize_connections":[],"jetpack_featured_media_url":"","jetpack_sharing_enabled":true,"_links":{"self":[{"href":"https:\/\/www.leben-atmen.com\/bella-italia\/wp-json\/wp\/v2\/posts\/201","targetHints":{"allow":["GET"]}}],"collection":[{"href":"https:\/\/www.leben-atmen.com\/bella-italia\/wp-json\/wp\/v2\/posts"}],"about":[{"href":"https:\/\/www.leben-atmen.com\/bella-italia\/wp-json\/wp\/v2\/types\/post"}],"author":[{"embeddable":true,"href":"https:\/\/www.leben-atmen.com\/bella-italia\/wp-json\/wp\/v2\/users\/2"}],"replies":[{"embeddable":true,"href":"https:\/\/www.leben-atmen.com\/bella-italia\/wp-json\/wp\/v2\/comments?post=201"}],"version-history":[{"count":1,"href":"https:\/\/www.leben-atmen.com\/bella-italia\/wp-json\/wp\/v2\/posts\/201\/revisions"}],"predecessor-version":[{"id":202,"href":"https:\/\/www.leben-atmen.com\/bella-italia\/wp-json\/wp\/v2\/posts\/201\/revisions\/202"}],"wp:attachment":[{"href":"https:\/\/www.leben-atmen.com\/bella-italia\/wp-json\/wp\/v2\/media?parent=201"}],"wp:term":[{"taxonomy":"category","embeddable":true,"href":"https:\/\/www.leben-atmen.com\/bella-italia\/wp-json\/wp\/v2\/categories?post=201"},{"taxonomy":"post_tag","embeddable":true,"href":"https:\/\/www.leben-atmen.com\/bella-italia\/wp-json\/wp\/v2\/tags?post=201"}],"curies":[{"name":"wp","href":"https:\/\/api.w.org\/{rel}","templated":true}]}}