{"id":161,"date":"2021-07-11T16:11:12","date_gmt":"2021-07-11T14:11:12","guid":{"rendered":"https:\/\/www.leben-atmen.com\/bella-italia\/?p=161"},"modified":"2021-07-11T16:11:17","modified_gmt":"2021-07-11T14:11:17","slug":"oesterreich-am-ursprungspass","status":"publish","type":"post","link":"https:\/\/www.leben-atmen.com\/bella-italia\/2021\/07\/11\/oesterreich-am-ursprungspass\/","title":{"rendered":"\u00d6sterreich am Ursprungspass"},"content":{"rendered":"<p>Wir erreichen Tirol \u00fcber den Ursprungspass. Dieser Pass ist eigentlich kein richtig hoher Pass, ein flacher \u00dcbergang, der uns nach Kufstein bringt. Es ist sehr romantisch, weil wenig bewohnt und der Verkehr h\u00e4lt sich ebenfalls in Grenzen.<\/p>\n<p><img data-recalc-dims=\"1\" loading=\"lazy\" decoding=\"async\" src=\"https:\/\/i0.wp.com\/www.leben-atmen.com\/wp-content\/blogs.dir\/14\/files\/sites\/14\/2021\/07\/687a85f8b5bcdca8bcaeaaec1c09c402.jpg?resize=612%2C459&#038;ssl=1\" class=\"size-full wp-image-160\" width=\"612\" height=\"459\" srcset=\"https:\/\/i0.wp.com\/www.leben-atmen.com\/wp-content\/blogs.dir\/14\/files\/sites\/14\/2021\/07\/687a85f8b5bcdca8bcaeaaec1c09c402.jpg?w=1500&amp;ssl=1 1500w, https:\/\/i0.wp.com\/www.leben-atmen.com\/wp-content\/blogs.dir\/14\/files\/sites\/14\/2021\/07\/687a85f8b5bcdca8bcaeaaec1c09c402.jpg?resize=300%2C225&amp;ssl=1 300w, https:\/\/i0.wp.com\/www.leben-atmen.com\/wp-content\/blogs.dir\/14\/files\/sites\/14\/2021\/07\/687a85f8b5bcdca8bcaeaaec1c09c402.jpg?resize=1024%2C767&amp;ssl=1 1024w, https:\/\/i0.wp.com\/www.leben-atmen.com\/wp-content\/blogs.dir\/14\/files\/sites\/14\/2021\/07\/687a85f8b5bcdca8bcaeaaec1c09c402.jpg?resize=768%2C575&amp;ssl=1 768w, https:\/\/i0.wp.com\/www.leben-atmen.com\/wp-content\/blogs.dir\/14\/files\/sites\/14\/2021\/07\/687a85f8b5bcdca8bcaeaaec1c09c402.jpg?w=1224&amp;ssl=1 1224w\" sizes=\"auto, (max-width: 612px) 100vw, 612px\" \/>\ufffc<\/p>\n","protected":false},"excerpt":{"rendered":"<p>Wir erreichen Tirol \u00fcber den Ursprungspass. Dieser Pass ist eigentlich kein richtig hoher Pass, ein flacher \u00dcbergang, der uns nach Kufstein bringt. Es ist sehr romantisch, weil wenig bewohnt und der Verkehr h\u00e4lt sich ebenfalls in Grenzen. \ufffc<\/p>\n","protected":false},"author":2,"featured_media":0,"comment_status":"open","ping_status":"closed","sticky":false,"template":"","format":"standard","meta":{"_jetpack_memberships_contains_paid_content":false,"footnotes":"","jetpack_publicize_message":"","jetpack_publicize_feature_enabled":true,"jetpack_social_post_already_shared":true,"jetpack_social_options":{"image_generator_settings":{"template":"highway","default_image_id":0,"font":"","enabled":false},"version":2}},"categories":[1],"tags":[],"class_list":["post-161","post","type-post","status-publish","format-standard","hentry","category-allgemein"],"jetpack_publicize_connections":[],"jetpack_featured_media_url":"","jetpack_sharing_enabled":true,"_links":{"self":[{"href":"https:\/\/www.leben-atmen.com\/bella-italia\/wp-json\/wp\/v2\/posts\/161","targetHints":{"allow":["GET"]}}],"collection":[{"href":"https:\/\/www.leben-atmen.com\/bella-italia\/wp-json\/wp\/v2\/posts"}],"about":[{"href":"https:\/\/www.leben-atmen.com\/bella-italia\/wp-json\/wp\/v2\/types\/post"}],"author":[{"embeddable":true,"href":"https:\/\/www.leben-atmen.com\/bella-italia\/wp-json\/wp\/v2\/users\/2"}],"replies":[{"embeddable":true,"href":"https:\/\/www.leben-atmen.com\/bella-italia\/wp-json\/wp\/v2\/comments?post=161"}],"version-history":[{"count":1,"href":"https:\/\/www.leben-atmen.com\/bella-italia\/wp-json\/wp\/v2\/posts\/161\/revisions"}],"predecessor-version":[{"id":162,"href":"https:\/\/www.leben-atmen.com\/bella-italia\/wp-json\/wp\/v2\/posts\/161\/revisions\/162"}],"wp:attachment":[{"href":"https:\/\/www.leben-atmen.com\/bella-italia\/wp-json\/wp\/v2\/media?parent=161"}],"wp:term":[{"taxonomy":"category","embeddable":true,"href":"https:\/\/www.leben-atmen.com\/bella-italia\/wp-json\/wp\/v2\/categories?post=161"},{"taxonomy":"post_tag","embeddable":true,"href":"https:\/\/www.leben-atmen.com\/bella-italia\/wp-json\/wp\/v2\/tags?post=161"}],"curies":[{"name":"wp","href":"https:\/\/api.w.org\/{rel}","templated":true}]}}