{"id":157,"date":"2021-07-11T13:20:37","date_gmt":"2021-07-11T11:20:37","guid":{"rendered":"https:\/\/www.leben-atmen.com\/bella-italia\/2021\/07\/11\/am-schliersee\/"},"modified":"2021-07-11T13:20:37","modified_gmt":"2021-07-11T11:20:37","slug":"am-schliersee","status":"publish","type":"post","link":"https:\/\/www.leben-atmen.com\/bella-italia\/2021\/07\/11\/am-schliersee\/","title":{"rendered":"Am Schliersee"},"content":{"rendered":"\n<p>Nach kurzer Fahrt erreichen wir von Miesbach aus nun den Schliersee. Es ist noch immer sehr bew\u00f6lkt und wir hoffen, dass es keine weiteren Niederschl\u00e4ge gibt.<\/p><p><\/p><p>Vom Schliersee aus werden wir dann wohl \u00fcber Bayrischzell nach Kufstein fahren. <\/p>\n\n\n\n<figure class=\"wp-block-image size-large\"><img data-recalc-dims=\"1\" loading=\"lazy\" decoding=\"async\" width=\"612\" height=\"458\" src=\"https:\/\/i0.wp.com\/www.leben-atmen.com\/wp-content\/blogs.dir\/14\/files\/sites\/14\/2021\/07\/eda3298802d986d21eecc06faae74213.jpg?resize=612%2C458&#038;ssl=1\" alt=\"\" class=\"wp-image-156\" srcset=\"https:\/\/i0.wp.com\/www.leben-atmen.com\/wp-content\/blogs.dir\/14\/files\/sites\/14\/2021\/07\/eda3298802d986d21eecc06faae74213.jpg?resize=1024%2C767&amp;ssl=1 1024w, https:\/\/i0.wp.com\/www.leben-atmen.com\/wp-content\/blogs.dir\/14\/files\/sites\/14\/2021\/07\/eda3298802d986d21eecc06faae74213.jpg?resize=300%2C225&amp;ssl=1 300w, https:\/\/i0.wp.com\/www.leben-atmen.com\/wp-content\/blogs.dir\/14\/files\/sites\/14\/2021\/07\/eda3298802d986d21eecc06faae74213.jpg?resize=768%2C576&amp;ssl=1 768w, https:\/\/i0.wp.com\/www.leben-atmen.com\/wp-content\/blogs.dir\/14\/files\/sites\/14\/2021\/07\/eda3298802d986d21eecc06faae74213.jpg?resize=1536%2C1151&amp;ssl=1 1536w, https:\/\/i0.wp.com\/www.leben-atmen.com\/wp-content\/blogs.dir\/14\/files\/sites\/14\/2021\/07\/eda3298802d986d21eecc06faae74213.jpg?w=1700&amp;ssl=1 1700w, https:\/\/i0.wp.com\/www.leben-atmen.com\/wp-content\/blogs.dir\/14\/files\/sites\/14\/2021\/07\/eda3298802d986d21eecc06faae74213.jpg?w=1224&amp;ssl=1 1224w\" sizes=\"auto, (max-width: 612px) 100vw, 612px\" \/><\/figure>\n","protected":false},"excerpt":{"rendered":"<p>Nach kurzer Fahrt erreichen wir von Miesbach aus nun den Schliersee. Es ist noch immer sehr bew\u00f6lkt und wir hoffen, dass es keine weiteren Niederschl\u00e4ge gibt. Vom Schliersee aus werden wir dann wohl \u00fcber Bayrischzell nach Kufstein fahren.<\/p>\n","protected":false},"author":3,"featured_media":0,"comment_status":"open","ping_status":"closed","sticky":false,"template":"","format":"standard","meta":{"_jetpack_memberships_contains_paid_content":false,"footnotes":"","jetpack_publicize_message":"","jetpack_publicize_feature_enabled":true,"jetpack_social_post_already_shared":true,"jetpack_social_options":{"image_generator_settings":{"template":"highway","default_image_id":0,"font":"","enabled":false},"version":2}},"categories":[1],"tags":[],"class_list":["post-157","post","type-post","status-publish","format-standard","hentry","category-allgemein"],"jetpack_publicize_connections":[],"jetpack_featured_media_url":"","jetpack_sharing_enabled":true,"_links":{"self":[{"href":"https:\/\/www.leben-atmen.com\/bella-italia\/wp-json\/wp\/v2\/posts\/157","targetHints":{"allow":["GET"]}}],"collection":[{"href":"https:\/\/www.leben-atmen.com\/bella-italia\/wp-json\/wp\/v2\/posts"}],"about":[{"href":"https:\/\/www.leben-atmen.com\/bella-italia\/wp-json\/wp\/v2\/types\/post"}],"author":[{"embeddable":true,"href":"https:\/\/www.leben-atmen.com\/bella-italia\/wp-json\/wp\/v2\/users\/3"}],"replies":[{"embeddable":true,"href":"https:\/\/www.leben-atmen.com\/bella-italia\/wp-json\/wp\/v2\/comments?post=157"}],"version-history":[{"count":0,"href":"https:\/\/www.leben-atmen.com\/bella-italia\/wp-json\/wp\/v2\/posts\/157\/revisions"}],"wp:attachment":[{"href":"https:\/\/www.leben-atmen.com\/bella-italia\/wp-json\/wp\/v2\/media?parent=157"}],"wp:term":[{"taxonomy":"category","embeddable":true,"href":"https:\/\/www.leben-atmen.com\/bella-italia\/wp-json\/wp\/v2\/categories?post=157"},{"taxonomy":"post_tag","embeddable":true,"href":"https:\/\/www.leben-atmen.com\/bella-italia\/wp-json\/wp\/v2\/tags?post=157"}],"curies":[{"name":"wp","href":"https:\/\/api.w.org\/{rel}","templated":true}]}}